{"id":206,"date":"2023-01-30T11:00:00","date_gmt":"2023-01-30T09:00:00","guid":{"rendered":"http:\/\/www.mtc.fi\/?p=206"},"modified":"2023-01-30T12:45:58","modified_gmt":"2023-01-30T10:45:58","slug":"garage-gukkenhaimin-kesan-aukioloajat","status":"publish","type":"post","link":"https:\/\/www.mtc.fi\/?p=206","title":{"rendered":"GARAGE GUKKENHAIMI"},"content":{"rendered":"<p><a href=\"http:\/\/www.mtc.fi\/wp-content\/uploads\/2014\/05\/IMG_9816.jpeg\" target=\"_blank\" rel=\"noopener noreferrer\"><img loading=\"lazy\" class=\"alignleft wp-image-30 size-thumbnail\" src=\"http:\/\/www.mtc.fi\/wp-content\/uploads\/2014\/05\/IMG_9816-150x150.jpeg\" alt=\"IMG_9816\" width=\"150\" height=\"150\"><\/a><\/p>\n<p>Garage Gukkenhaimi&nbsp;on avoinna yksityishenkil\u00f6ille ja ryhmille ymp\u00e4ri&nbsp;vuoden sopimuksen mukaan. Soita numeroon 0500-533572 Manu Toivonen ja sovi sopiva aika itsellesi tai ryhm\u00e4llesi.<\/p>\n<p><\/p>\n<p>Garage Gukkenhaimissa&nbsp;on esill\u00e4 t\u00e4ll\u00e4 kertaa mm. &nbsp;Manu Toivosen valokuvatauluja, Tiina Rannan keramiikkaa, Lasistudio Torstenssonin kierr\u00e4tyslasit\u00f6it\u00e4, Hannes Tiiran kirjoja, Kari Sj\u00f6holmin puu- ja k\u00f6ysituotteita sek\u00e4 P\u00e4ivi Sj\u00f6holmin&nbsp;<a href=\"http:\/\/www.mtc.fi\/wp-content\/uploads\/2014\/05\/IMG_9833.jpeg\" target=\"_blank\" rel=\"noopener noreferrer\"><img loading=\"lazy\" class=\"alignleft wp-image-32 size-thumbnail\" src=\"http:\/\/www.mtc.fi\/wp-content\/uploads\/2014\/05\/IMG_9833-150x150.jpeg\" alt=\"IMG_9833\" width=\"150\" height=\"150\"><\/a>koruja.<\/p>\n<p>A<strong>vaamme ja esittelemme Garage Gukkenhaimia yhdellekin henkil\u00f6lle!<\/strong><\/p>\n<p><strong>Tervetuloa Suomen ainoaan Gukkenhaimiin !<\/strong><\/p>\n<p><\/p>\n\n\n<p><\/p>\n","protected":false},"excerpt":{"rendered":"<p>Garage Gukkenhaimi&nbsp;on avoinna yksityishenkil\u00f6ille ja ryhmille ymp\u00e4ri&nbsp;vuoden sopimuksen mukaan. Soita numeroon 0500-533572 Manu Toivonen ja sovi sopiva aika itsellesi tai ryhm\u00e4llesi. Garage Gukkenhaimissa&nbsp;on esill\u00e4 t\u00e4ll\u00e4 kertaa mm. &nbsp;Manu Toivosen valokuvatauluja, Tiina Rannan keramiikkaa, Lasistudio Torstenssonin kierr\u00e4tyslasit\u00f6it\u00e4, Hannes Tiiran kirjoja, Kari Sj\u00f6holmin puu- ja k\u00f6ysituotteita sek\u00e4 P\u00e4ivi Sj\u00f6holmin&nbsp;koruja. Avaamme ja esittelemme Garage Gukkenhaimia yhdellekin henkil\u00f6lle! Tervetuloa &hellip; <a href=\"https:\/\/www.mtc.fi\/?p=206\" class=\"more-link\">Jatka lukemista <span class=\"screen-reader-text\">GARAGE GUKKENHAIMI<\/span> <span class=\"meta-nav\">&rarr;<\/span><\/a><\/p>\n","protected":false},"author":2,"featured_media":0,"comment_status":"closed","ping_status":"closed","sticky":false,"template":"","format":"standard","meta":[],"categories":[1],"tags":[],"_links":{"self":[{"href":"https:\/\/www.mtc.fi\/index.php?rest_route=\/wp\/v2\/posts\/206"}],"collection":[{"href":"https:\/\/www.mtc.fi\/index.php?rest_route=\/wp\/v2\/posts"}],"about":[{"href":"https:\/\/www.mtc.fi\/index.php?rest_route=\/wp\/v2\/types\/post"}],"author":[{"embeddable":true,"href":"https:\/\/www.mtc.fi\/index.php?rest_route=\/wp\/v2\/users\/2"}],"replies":[{"embeddable":true,"href":"https:\/\/www.mtc.fi\/index.php?rest_route=%2Fwp%2Fv2%2Fcomments&post=206"}],"version-history":[{"count":27,"href":"https:\/\/www.mtc.fi\/index.php?rest_route=\/wp\/v2\/posts\/206\/revisions"}],"predecessor-version":[{"id":729,"href":"https:\/\/www.mtc.fi\/index.php?rest_route=\/wp\/v2\/posts\/206\/revisions\/729"}],"wp:attachment":[{"href":"https:\/\/www.mtc.fi\/index.php?rest_route=%2Fwp%2Fv2%2Fmedia&parent=206"}],"wp:term":[{"taxonomy":"category","embeddable":true,"href":"https:\/\/www.mtc.fi\/index.php?rest_route=%2Fwp%2Fv2%2Fcategories&post=206"},{"taxonomy":"post_tag","embeddable":true,"href":"https:\/\/www.mtc.fi\/index.php?rest_route=%2Fwp%2Fv2%2Ftags&post=206"}],"curies":[{"name":"wp","href":"https:\/\/api.w.org\/{rel}","templated":true}]}}